{"id":1095,"date":"2024-09-09T20:11:10","date_gmt":"2024-09-09T19:11:10","guid":{"rendered":"https:\/\/osera.deebro.es\/?p=1095"},"modified":"2024-09-13T15:34:09","modified_gmt":"2024-09-13T14:34:09","slug":"renovacion-cuotas-asociacion-san-martin-y-comida-anual","status":"publish","type":"post","link":"https:\/\/osera.deebro.es\/?p=1095","title":{"rendered":"Renovaci\u00f3n cuotas Asociaci\u00f3n San Mart\u00edn y comida anual"},"content":{"rendered":"\n<figure class=\"wp-block-gallery has-nested-images columns-default is-cropped wp-block-gallery-1 is-layout-flex wp-block-gallery-is-layout-flex\">\n<figure class=\"wp-block-image size-large\"><a href=\"https:\/\/osera.deebro.es\/wp-content\/uploads\/2024\/09\/1000038047.jpg\"><img loading=\"lazy\" decoding=\"async\" width=\"724\" height=\"1024\" data-id=\"1129\" src=\"https:\/\/osera.deebro.es\/wp-content\/uploads\/2024\/09\/1000038047-724x1024.jpg\" alt=\"\" class=\"wp-image-1129\" srcset=\"https:\/\/osera.deebro.es\/wp-content\/uploads\/2024\/09\/1000038047-724x1024.jpg 724w, https:\/\/osera.deebro.es\/wp-content\/uploads\/2024\/09\/1000038047-212x300.jpg 212w, https:\/\/osera.deebro.es\/wp-content\/uploads\/2024\/09\/1000038047-768x1086.jpg 768w, https:\/\/osera.deebro.es\/wp-content\/uploads\/2024\/09\/1000038047-1086x1536.jpg 1086w, https:\/\/osera.deebro.es\/wp-content\/uploads\/2024\/09\/1000038047.jpg 1414w\" sizes=\"auto, (max-width: 724px) 100vw, 724px\" \/><\/a><\/figure>\n\n\n\n<figure class=\"wp-block-image size-large\"><a href=\"https:\/\/osera.deebro.es\/wp-content\/uploads\/2024\/09\/1725908668492.jpg\"><img loading=\"lazy\" decoding=\"async\" width=\"724\" height=\"1024\" data-id=\"1096\" src=\"https:\/\/osera.deebro.es\/wp-content\/uploads\/2024\/09\/1725908668492-724x1024.jpg\" alt=\"\" class=\"wp-image-1096\" srcset=\"https:\/\/osera.deebro.es\/wp-content\/uploads\/2024\/09\/1725908668492-724x1024.jpg 724w, https:\/\/osera.deebro.es\/wp-content\/uploads\/2024\/09\/1725908668492-212x300.jpg 212w, https:\/\/osera.deebro.es\/wp-content\/uploads\/2024\/09\/1725908668492-768x1086.jpg 768w, https:\/\/osera.deebro.es\/wp-content\/uploads\/2024\/09\/1725908668492-1086x1536.jpg 1086w, https:\/\/osera.deebro.es\/wp-content\/uploads\/2024\/09\/1725908668492.jpg 1131w\" sizes=\"auto, (max-width: 724px) 100vw, 724px\" \/><\/a><\/figure>\n<\/figure>\n\n\n\n<p>Durante los d\u00edas 14 y 15 de Septiembre de 11 a 13 h, se cobrar\u00e1 la cuota (14 \u20ac) de la Asociaci\u00f3n de tercera edad \u00abSan Mart\u00edn\u00bb en el local de la tercera edad.<\/p>\n\n\n\n<p>Tambi\u00e9n se cobrar\u00e1 la comida que se celebrar\u00e1 el pr\u00f3ximo d\u00eda 28 de Septiembre (12 \u20ac socios \/ 28 \u20ac no socios) en el Pabell\u00f3n, en el que adem\u00e1s de Bingos, contaremos con un gran espect\u00e1culo a cargo de la \u00abAsociaci\u00f3n de Mayores del Actur\u00bb<\/p>\n\n\n\n<p><\/p>\n","protected":false},"excerpt":{"rendered":"<p>Durante los d\u00edas 14 y 15 de Septiembre de 11 a 13 h, se cobrar\u00e1 la cuota (14 \u20ac) de la Asociaci\u00f3n de tercera edad \u00abSan Mart\u00edn\u00bb en el local de la tercera edad. Tambi\u00e9n se cobrar\u00e1 la comida que se celebrar\u00e1 el pr\u00f3ximo d\u00eda 28 de Septiembre (12 \u20ac socios \/ 28 \u20ac no &hellip; <a href=\"https:\/\/osera.deebro.es\/?p=1095\" class=\"more-link\">Seguir leyendo <span class=\"screen-reader-text\">Renovaci\u00f3n cuotas Asociaci\u00f3n San Mart\u00edn y comida anual<\/span> <span class=\"meta-nav\">&rarr;<\/span><\/a><\/p>\n","protected":false},"author":2,"featured_media":0,"comment_status":"closed","ping_status":"closed","sticky":false,"template":"","format":"standard","meta":{"footnotes":""},"categories":[14],"tags":[],"class_list":["post-1095","post","type-post","status-publish","format-standard","hentry","category-tercera-edad"],"_links":{"self":[{"href":"https:\/\/osera.deebro.es\/index.php?rest_route=\/wp\/v2\/posts\/1095","targetHints":{"allow":["GET"]}}],"collection":[{"href":"https:\/\/osera.deebro.es\/index.php?rest_route=\/wp\/v2\/posts"}],"about":[{"href":"https:\/\/osera.deebro.es\/index.php?rest_route=\/wp\/v2\/types\/post"}],"author":[{"embeddable":true,"href":"https:\/\/osera.deebro.es\/index.php?rest_route=\/wp\/v2\/users\/2"}],"replies":[{"embeddable":true,"href":"https:\/\/osera.deebro.es\/index.php?rest_route=%2Fwp%2Fv2%2Fcomments&post=1095"}],"version-history":[{"count":5,"href":"https:\/\/osera.deebro.es\/index.php?rest_route=\/wp\/v2\/posts\/1095\/revisions"}],"predecessor-version":[{"id":1132,"href":"https:\/\/osera.deebro.es\/index.php?rest_route=\/wp\/v2\/posts\/1095\/revisions\/1132"}],"wp:attachment":[{"href":"https:\/\/osera.deebro.es\/index.php?rest_route=%2Fwp%2Fv2%2Fmedia&parent=1095"}],"wp:term":[{"taxonomy":"category","embeddable":true,"href":"https:\/\/osera.deebro.es\/index.php?rest_route=%2Fwp%2Fv2%2Fcategories&post=1095"},{"taxonomy":"post_tag","embeddable":true,"href":"https:\/\/osera.deebro.es\/index.php?rest_route=%2Fwp%2Fv2%2Ftags&post=1095"}],"curies":[{"name":"wp","href":"https:\/\/api.w.org\/{rel}","templated":true}]}}