{"id":1297,"date":"2024-10-08T20:21:16","date_gmt":"2024-10-08T19:21:16","guid":{"rendered":"https:\/\/osera.deebro.es\/?p=1297"},"modified":"2024-10-08T20:22:39","modified_gmt":"2024-10-08T19:22:39","slug":"itv-agricola-3","status":"publish","type":"post","link":"https:\/\/osera.deebro.es\/?p=1297","title":{"rendered":"ITV AGR\u00cdCOLA"},"content":{"rendered":"\n<p>Se recuerda que el pr\u00f3ximo mi\u00e9rcoles 16 de Octubre estar\u00e1 la ITV Agr\u00edcola en el Pol\u00edgono de 8 a 11 h.<\/p>\n\n\n\n<figure class=\"wp-block-gallery has-nested-images columns-default is-cropped wp-block-gallery-1 is-layout-flex wp-block-gallery-is-layout-flex\">\n<figure class=\"wp-block-image size-large\"><a href=\"https:\/\/osera.deebro.es\/wp-content\/uploads\/2024\/10\/1000043567.png\"><img loading=\"lazy\" decoding=\"async\" width=\"1024\" height=\"768\" data-id=\"1298\" src=\"https:\/\/osera.deebro.es\/wp-content\/uploads\/2024\/10\/1000043567.png\" alt=\"\" class=\"wp-image-1298\" srcset=\"https:\/\/osera.deebro.es\/wp-content\/uploads\/2024\/10\/1000043567.png 1024w, https:\/\/osera.deebro.es\/wp-content\/uploads\/2024\/10\/1000043567-300x225.png 300w, https:\/\/osera.deebro.es\/wp-content\/uploads\/2024\/10\/1000043567-768x576.png 768w\" sizes=\"auto, (max-width: 1024px) 100vw, 1024px\" \/><\/a><\/figure>\n<\/figure>\n","protected":false},"excerpt":{"rendered":"<p>Se recuerda que el pr\u00f3ximo mi\u00e9rcoles 16 de Octubre estar\u00e1 la ITV Agr\u00edcola en el Pol\u00edgono de 8 a 11 h.<\/p>\n","protected":false},"author":3,"featured_media":0,"comment_status":"closed","ping_status":"closed","sticky":false,"template":"","format":"standard","meta":{"footnotes":""},"categories":[1],"tags":[],"class_list":["post-1297","post","type-post","status-publish","format-standard","hentry","category-sincategoria"],"_links":{"self":[{"href":"https:\/\/osera.deebro.es\/index.php?rest_route=\/wp\/v2\/posts\/1297","targetHints":{"allow":["GET"]}}],"collection":[{"href":"https:\/\/osera.deebro.es\/index.php?rest_route=\/wp\/v2\/posts"}],"about":[{"href":"https:\/\/osera.deebro.es\/index.php?rest_route=\/wp\/v2\/types\/post"}],"author":[{"embeddable":true,"href":"https:\/\/osera.deebro.es\/index.php?rest_route=\/wp\/v2\/users\/3"}],"replies":[{"embeddable":true,"href":"https:\/\/osera.deebro.es\/index.php?rest_route=%2Fwp%2Fv2%2Fcomments&post=1297"}],"version-history":[{"count":1,"href":"https:\/\/osera.deebro.es\/index.php?rest_route=\/wp\/v2\/posts\/1297\/revisions"}],"predecessor-version":[{"id":1299,"href":"https:\/\/osera.deebro.es\/index.php?rest_route=\/wp\/v2\/posts\/1297\/revisions\/1299"}],"wp:attachment":[{"href":"https:\/\/osera.deebro.es\/index.php?rest_route=%2Fwp%2Fv2%2Fmedia&parent=1297"}],"wp:term":[{"taxonomy":"category","embeddable":true,"href":"https:\/\/osera.deebro.es\/index.php?rest_route=%2Fwp%2Fv2%2Fcategories&post=1297"},{"taxonomy":"post_tag","embeddable":true,"href":"https:\/\/osera.deebro.es\/index.php?rest_route=%2Fwp%2Fv2%2Ftags&post=1297"}],"curies":[{"name":"wp","href":"https:\/\/api.w.org\/{rel}","templated":true}]}}