{"id":1759,"date":"2025-03-02T19:03:09","date_gmt":"2025-03-02T18:03:09","guid":{"rendered":"https:\/\/osera.deebro.es\/?p=1759"},"modified":"2025-03-02T19:04:06","modified_gmt":"2025-03-02T18:04:06","slug":"se-busca-portada-para-el-programa-de-fiestas","status":"publish","type":"post","link":"https:\/\/osera.deebro.es\/?p=1759","title":{"rendered":"Se busca portada para el programa de fiestas"},"content":{"rendered":"\n<figure class=\"wp-block-image size-large\"><a href=\"https:\/\/osera.deebro.es\/wp-content\/uploads\/2025\/03\/1000076211.jpg\"><img loading=\"lazy\" decoding=\"async\" width=\"1024\" height=\"860\" src=\"https:\/\/osera.deebro.es\/wp-content\/uploads\/2025\/03\/1000076211-1024x860.jpg\" alt=\"\" class=\"wp-image-1760\" srcset=\"https:\/\/osera.deebro.es\/wp-content\/uploads\/2025\/03\/1000076211-1024x860.jpg 1024w, https:\/\/osera.deebro.es\/wp-content\/uploads\/2025\/03\/1000076211-300x252.jpg 300w, https:\/\/osera.deebro.es\/wp-content\/uploads\/2025\/03\/1000076211-768x645.jpg 768w, https:\/\/osera.deebro.es\/wp-content\/uploads\/2025\/03\/1000076211.jpg 1220w\" sizes=\"auto, (max-width: 1024px) 100vw, 1024px\" \/><\/a><\/figure>\n\n\n\n<p>En el mes de Abril celebramos Santa Engracia, que ser\u00e1n los d\u00edas 11,12,13 y 16 de Abril, y la comisi\u00f3n de Fiestas est\u00e1 buscando portada para el programa de fiestas.<\/p>\n\n\n\n<p>Presenta una fotograf\u00eda o un collage de Osera, tanto en el ayuntamiento como a trav\u00e9s de las redes sociales de la Comisi\u00f3n de fiestas (Instagram o Facebook)<\/p>\n\n\n\n<p>Fecha tope para presentar las fotograf\u00edas el 14 de Marzo<\/p>\n\n\n\n<p>Para todas las edades<\/p>\n","protected":false},"excerpt":{"rendered":"<p>En el mes de Abril celebramos Santa Engracia, que ser\u00e1n los d\u00edas 11,12,13 y 16 de Abril, y la comisi\u00f3n de Fiestas est\u00e1 buscando portada para el programa de fiestas. Presenta una fotograf\u00eda o un collage de Osera, tanto en el ayuntamiento como a trav\u00e9s de las redes sociales de la Comisi\u00f3n de fiestas (Instagram &hellip; <a href=\"https:\/\/osera.deebro.es\/?p=1759\" class=\"more-link\">Seguir leyendo <span class=\"screen-reader-text\">Se busca portada para el programa de fiestas<\/span> <span class=\"meta-nav\">&rarr;<\/span><\/a><\/p>\n","protected":false},"author":3,"featured_media":0,"comment_status":"closed","ping_status":"closed","sticky":false,"template":"","format":"standard","meta":{"footnotes":""},"categories":[13],"tags":[],"class_list":["post-1759","post","type-post","status-publish","format-standard","hentry","category-festejos"],"_links":{"self":[{"href":"https:\/\/osera.deebro.es\/index.php?rest_route=\/wp\/v2\/posts\/1759","targetHints":{"allow":["GET"]}}],"collection":[{"href":"https:\/\/osera.deebro.es\/index.php?rest_route=\/wp\/v2\/posts"}],"about":[{"href":"https:\/\/osera.deebro.es\/index.php?rest_route=\/wp\/v2\/types\/post"}],"author":[{"embeddable":true,"href":"https:\/\/osera.deebro.es\/index.php?rest_route=\/wp\/v2\/users\/3"}],"replies":[{"embeddable":true,"href":"https:\/\/osera.deebro.es\/index.php?rest_route=%2Fwp%2Fv2%2Fcomments&post=1759"}],"version-history":[{"count":1,"href":"https:\/\/osera.deebro.es\/index.php?rest_route=\/wp\/v2\/posts\/1759\/revisions"}],"predecessor-version":[{"id":1761,"href":"https:\/\/osera.deebro.es\/index.php?rest_route=\/wp\/v2\/posts\/1759\/revisions\/1761"}],"wp:attachment":[{"href":"https:\/\/osera.deebro.es\/index.php?rest_route=%2Fwp%2Fv2%2Fmedia&parent=1759"}],"wp:term":[{"taxonomy":"category","embeddable":true,"href":"https:\/\/osera.deebro.es\/index.php?rest_route=%2Fwp%2Fv2%2Fcategories&post=1759"},{"taxonomy":"post_tag","embeddable":true,"href":"https:\/\/osera.deebro.es\/index.php?rest_route=%2Fwp%2Fv2%2Ftags&post=1759"}],"curies":[{"name":"wp","href":"https:\/\/api.w.org\/{rel}","templated":true}]}}