{"id":1796,"date":"2025-03-20T08:40:11","date_gmt":"2025-03-20T07:40:11","guid":{"rendered":"https:\/\/osera.deebro.es\/?p=1796"},"modified":"2025-03-20T08:41:25","modified_gmt":"2025-03-20T07:41:25","slug":"ix-masterclass-de-padel","status":"publish","type":"post","link":"https:\/\/osera.deebro.es\/?p=1796","title":{"rendered":"IX MasterClass de Padel"},"content":{"rendered":"\n<figure class=\"wp-block-gallery has-nested-images columns-default is-cropped wp-block-gallery-1 is-layout-flex wp-block-gallery-is-layout-flex\">\n<figure class=\"wp-block-image size-large\"><a href=\"https:\/\/osera.deebro.es\/wp-content\/uploads\/2025\/03\/1000080275.jpg\"><img loading=\"lazy\" decoding=\"async\" width=\"722\" height=\"1024\" data-id=\"1797\" src=\"https:\/\/osera.deebro.es\/wp-content\/uploads\/2025\/03\/1000080275-722x1024.jpg\" alt=\"\" class=\"wp-image-1797\" srcset=\"https:\/\/osera.deebro.es\/wp-content\/uploads\/2025\/03\/1000080275-722x1024.jpg 722w, https:\/\/osera.deebro.es\/wp-content\/uploads\/2025\/03\/1000080275-212x300.jpg 212w, https:\/\/osera.deebro.es\/wp-content\/uploads\/2025\/03\/1000080275-768x1089.jpg 768w, https:\/\/osera.deebro.es\/wp-content\/uploads\/2025\/03\/1000080275-1083x1536.jpg 1083w, https:\/\/osera.deebro.es\/wp-content\/uploads\/2025\/03\/1000080275.jpg 1220w\" sizes=\"auto, (max-width: 722px) 100vw, 722px\" \/><\/a><\/figure>\n<\/figure>\n\n\n\n<p>El pr\u00f3ximo s\u00e1bado 5 de Abril se celebrar\u00e1 la IX MasterClass de Padel (entre las pistas de Osera y Villamayor)Las inscripciones ser\u00e1n gratuitas, entre el 24 y 30 de Marzo mediante correo electr\u00f3nico a scd@mrie.es, indicando la pista y horario que desean.Plazas limitadas<\/p>\n","protected":false},"excerpt":{"rendered":"<p>El pr\u00f3ximo s\u00e1bado 5 de Abril se celebrar\u00e1 la IX MasterClass de Padel (entre las pistas de Osera y Villamayor)Las inscripciones ser\u00e1n gratuitas, entre el 24 y 30 de Marzo mediante correo electr\u00f3nico a scd@mrie.es, indicando la pista y horario que desean.Plazas limitadas<\/p>\n","protected":false},"author":3,"featured_media":0,"comment_status":"closed","ping_status":"closed","sticky":false,"template":"","format":"standard","meta":{"footnotes":""},"categories":[11,12],"tags":[],"class_list":["post-1796","post","type-post","status-publish","format-standard","hentry","category-actividades","category-deportes"],"_links":{"self":[{"href":"https:\/\/osera.deebro.es\/index.php?rest_route=\/wp\/v2\/posts\/1796","targetHints":{"allow":["GET"]}}],"collection":[{"href":"https:\/\/osera.deebro.es\/index.php?rest_route=\/wp\/v2\/posts"}],"about":[{"href":"https:\/\/osera.deebro.es\/index.php?rest_route=\/wp\/v2\/types\/post"}],"author":[{"embeddable":true,"href":"https:\/\/osera.deebro.es\/index.php?rest_route=\/wp\/v2\/users\/3"}],"replies":[{"embeddable":true,"href":"https:\/\/osera.deebro.es\/index.php?rest_route=%2Fwp%2Fv2%2Fcomments&post=1796"}],"version-history":[{"count":1,"href":"https:\/\/osera.deebro.es\/index.php?rest_route=\/wp\/v2\/posts\/1796\/revisions"}],"predecessor-version":[{"id":1798,"href":"https:\/\/osera.deebro.es\/index.php?rest_route=\/wp\/v2\/posts\/1796\/revisions\/1798"}],"wp:attachment":[{"href":"https:\/\/osera.deebro.es\/index.php?rest_route=%2Fwp%2Fv2%2Fmedia&parent=1796"}],"wp:term":[{"taxonomy":"category","embeddable":true,"href":"https:\/\/osera.deebro.es\/index.php?rest_route=%2Fwp%2Fv2%2Fcategories&post=1796"},{"taxonomy":"post_tag","embeddable":true,"href":"https:\/\/osera.deebro.es\/index.php?rest_route=%2Fwp%2Fv2%2Ftags&post=1796"}],"curies":[{"name":"wp","href":"https:\/\/api.w.org\/{rel}","templated":true}]}}