{"id":1845,"date":"2025-04-17T09:49:44","date_gmt":"2025-04-17T08:49:44","guid":{"rendered":"https:\/\/osera.deebro.es\/?p=1845"},"modified":"2025-04-18T19:37:29","modified_gmt":"2025-04-18T18:37:29","slug":"gincana-del-ampa","status":"publish","type":"post","link":"https:\/\/osera.deebro.es\/?p=1845","title":{"rendered":"Gincana del Ampa"},"content":{"rendered":"\n<figure class=\"wp-block-image size-large\"><a href=\"https:\/\/osera.deebro.es\/wp-content\/uploads\/2025\/04\/1000087849.jpg\"><img loading=\"lazy\" decoding=\"async\" width=\"724\" height=\"1024\" src=\"https:\/\/osera.deebro.es\/wp-content\/uploads\/2025\/04\/1000087849-724x1024.jpg\" alt=\"\" class=\"wp-image-1846\" srcset=\"https:\/\/osera.deebro.es\/wp-content\/uploads\/2025\/04\/1000087849-724x1024.jpg 724w, https:\/\/osera.deebro.es\/wp-content\/uploads\/2025\/04\/1000087849-212x300.jpg 212w, https:\/\/osera.deebro.es\/wp-content\/uploads\/2025\/04\/1000087849-768x1086.jpg 768w, https:\/\/osera.deebro.es\/wp-content\/uploads\/2025\/04\/1000087849-1086x1536.jpg 1086w, https:\/\/osera.deebro.es\/wp-content\/uploads\/2025\/04\/1000087849.jpg 1414w\" sizes=\"auto, (max-width: 724px) 100vw, 724px\" \/><\/a><\/figure>\n\n\n\n<p>El pr\u00f3ximo S\u00e1bado 26 de Abril, el AMPA celebrara la Gincana.<\/p>\n\n\n\n<p>Ap\u00fantate y reserva t\u00fa comida y merienda a cualquier miembro del Ampa<\/p>\n","protected":false},"excerpt":{"rendered":"<p>El pr\u00f3ximo S\u00e1bado 26 de Abril, el AMPA celebrara la Gincana. Ap\u00fantate y reserva t\u00fa comida y merienda a cualquier miembro del Ampa<\/p>\n","protected":false},"author":3,"featured_media":0,"comment_status":"closed","ping_status":"closed","sticky":false,"template":"","format":"standard","meta":{"footnotes":""},"categories":[11],"tags":[],"class_list":["post-1845","post","type-post","status-publish","format-standard","hentry","category-actividades"],"_links":{"self":[{"href":"https:\/\/osera.deebro.es\/index.php?rest_route=\/wp\/v2\/posts\/1845","targetHints":{"allow":["GET"]}}],"collection":[{"href":"https:\/\/osera.deebro.es\/index.php?rest_route=\/wp\/v2\/posts"}],"about":[{"href":"https:\/\/osera.deebro.es\/index.php?rest_route=\/wp\/v2\/types\/post"}],"author":[{"embeddable":true,"href":"https:\/\/osera.deebro.es\/index.php?rest_route=\/wp\/v2\/users\/3"}],"replies":[{"embeddable":true,"href":"https:\/\/osera.deebro.es\/index.php?rest_route=%2Fwp%2Fv2%2Fcomments&post=1845"}],"version-history":[{"count":1,"href":"https:\/\/osera.deebro.es\/index.php?rest_route=\/wp\/v2\/posts\/1845\/revisions"}],"predecessor-version":[{"id":1847,"href":"https:\/\/osera.deebro.es\/index.php?rest_route=\/wp\/v2\/posts\/1845\/revisions\/1847"}],"wp:attachment":[{"href":"https:\/\/osera.deebro.es\/index.php?rest_route=%2Fwp%2Fv2%2Fmedia&parent=1845"}],"wp:term":[{"taxonomy":"category","embeddable":true,"href":"https:\/\/osera.deebro.es\/index.php?rest_route=%2Fwp%2Fv2%2Fcategories&post=1845"},{"taxonomy":"post_tag","embeddable":true,"href":"https:\/\/osera.deebro.es\/index.php?rest_route=%2Fwp%2Fv2%2Ftags&post=1845"}],"curies":[{"name":"wp","href":"https:\/\/api.w.org\/{rel}","templated":true}]}}