{"id":578,"date":"2017-07-06T09:27:03","date_gmt":"2017-07-06T08:27:03","guid":{"rendered":"http:\/\/osera.deebro.es\/?p=578"},"modified":"2017-07-06T09:27:31","modified_gmt":"2017-07-06T08:27:31","slug":"recogida-muebles-y-enseres-domesticos-3","status":"publish","type":"post","link":"https:\/\/osera.deebro.es\/?p=578","title":{"rendered":"RECOGIDA MUEBLES Y ENSERES DOMESTICOS"},"content":{"rendered":"<p>Se pone en conocimiento de todos los interesados que el mi\u00e9rcoles <strong>19 de julio de 2017<\/strong> por la ma\u00f1ana, la empresa Urbaser realizar\u00e1 la recogida de muebles y enseres dom\u00e9sticos.<\/p>\n<p>Se recuerda que los objetos se depositar\u00e1n la noche anterior junto a los contenedores de basura y que es necesario llamar al tel\u00e9fono 876242600 y comunicar d\u00f3nde se encuentra ubicado el contenedor en el que se depositan los enseres.<\/p>\n","protected":false},"excerpt":{"rendered":"<p>Se pone en conocimiento de todos los interesados que el mi\u00e9rcoles 19 de julio de 2017 por la ma\u00f1ana, la empresa Urbaser realizar\u00e1 la recogida de muebles y enseres dom\u00e9sticos. Se recuerda que los objetos se depositar\u00e1n la noche anterior junto a los contenedores de basura y que es necesario llamar al tel\u00e9fono 876242600 y &hellip; <a href=\"https:\/\/osera.deebro.es\/?p=578\" class=\"more-link\">Seguir leyendo <span class=\"screen-reader-text\">RECOGIDA MUEBLES Y ENSERES DOMESTICOS<\/span> <span class=\"meta-nav\">&rarr;<\/span><\/a><\/p>\n","protected":false},"author":2,"featured_media":0,"comment_status":"closed","ping_status":"open","sticky":false,"template":"","format":"standard","meta":{"footnotes":""},"categories":[1],"tags":[],"class_list":["post-578","post","type-post","status-publish","format-standard","hentry","category-sincategoria"],"_links":{"self":[{"href":"https:\/\/osera.deebro.es\/index.php?rest_route=\/wp\/v2\/posts\/578","targetHints":{"allow":["GET"]}}],"collection":[{"href":"https:\/\/osera.deebro.es\/index.php?rest_route=\/wp\/v2\/posts"}],"about":[{"href":"https:\/\/osera.deebro.es\/index.php?rest_route=\/wp\/v2\/types\/post"}],"author":[{"embeddable":true,"href":"https:\/\/osera.deebro.es\/index.php?rest_route=\/wp\/v2\/users\/2"}],"replies":[{"embeddable":true,"href":"https:\/\/osera.deebro.es\/index.php?rest_route=%2Fwp%2Fv2%2Fcomments&post=578"}],"version-history":[{"count":1,"href":"https:\/\/osera.deebro.es\/index.php?rest_route=\/wp\/v2\/posts\/578\/revisions"}],"predecessor-version":[{"id":579,"href":"https:\/\/osera.deebro.es\/index.php?rest_route=\/wp\/v2\/posts\/578\/revisions\/579"}],"wp:attachment":[{"href":"https:\/\/osera.deebro.es\/index.php?rest_route=%2Fwp%2Fv2%2Fmedia&parent=578"}],"wp:term":[{"taxonomy":"category","embeddable":true,"href":"https:\/\/osera.deebro.es\/index.php?rest_route=%2Fwp%2Fv2%2Fcategories&post=578"},{"taxonomy":"post_tag","embeddable":true,"href":"https:\/\/osera.deebro.es\/index.php?rest_route=%2Fwp%2Fv2%2Ftags&post=578"}],"curies":[{"name":"wp","href":"https:\/\/api.w.org\/{rel}","templated":true}]}}