{"id":588,"date":"2017-08-31T11:20:42","date_gmt":"2017-08-31T10:20:42","guid":{"rendered":"http:\/\/osera.deebro.es\/?p=588"},"modified":"2017-08-31T11:21:11","modified_gmt":"2017-08-31T10:21:11","slug":"recogida-de-muebles-y-enseres-domesticos-8","status":"publish","type":"post","link":"https:\/\/osera.deebro.es\/?p=588","title":{"rendered":"RECOGIDA DE MUEBLES Y ENSERES DOM\u00c9STICOS"},"content":{"rendered":"<p>Se pone en conocimiento de todos los interesados, que el mi\u00e9rcoles <strong>20 de septiembre de 2017<\/strong> por la ma\u00f1ana, la empresa Urbaser realizar\u00e1 la recogida de muebles y enseres dom\u00e9sticos.<\/p>\n<p>Se recuerda que los objetos se depositar\u00e1n la noche anterior junto a los contenedores de basura y ser\u00e1 necesario llamar al tel\u00e9fono 876242600 \u00a0para comunicar d\u00f3nde se encuentra ubicado el contenedor.<\/p>\n","protected":false},"excerpt":{"rendered":"<p>Se pone en conocimiento de todos los interesados, que el mi\u00e9rcoles 20 de septiembre de 2017 por la ma\u00f1ana, la empresa Urbaser realizar\u00e1 la recogida de muebles y enseres dom\u00e9sticos. Se recuerda que los objetos se depositar\u00e1n la noche anterior junto a los contenedores de basura y ser\u00e1 necesario llamar al tel\u00e9fono 876242600 \u00a0para comunicar &hellip; <a href=\"https:\/\/osera.deebro.es\/?p=588\" class=\"more-link\">Seguir leyendo <span class=\"screen-reader-text\">RECOGIDA DE MUEBLES Y ENSERES DOM\u00c9STICOS<\/span> <span class=\"meta-nav\">&rarr;<\/span><\/a><\/p>\n","protected":false},"author":2,"featured_media":0,"comment_status":"closed","ping_status":"open","sticky":false,"template":"","format":"standard","meta":{"footnotes":""},"categories":[1],"tags":[],"class_list":["post-588","post","type-post","status-publish","format-standard","hentry","category-sincategoria"],"_links":{"self":[{"href":"https:\/\/osera.deebro.es\/index.php?rest_route=\/wp\/v2\/posts\/588","targetHints":{"allow":["GET"]}}],"collection":[{"href":"https:\/\/osera.deebro.es\/index.php?rest_route=\/wp\/v2\/posts"}],"about":[{"href":"https:\/\/osera.deebro.es\/index.php?rest_route=\/wp\/v2\/types\/post"}],"author":[{"embeddable":true,"href":"https:\/\/osera.deebro.es\/index.php?rest_route=\/wp\/v2\/users\/2"}],"replies":[{"embeddable":true,"href":"https:\/\/osera.deebro.es\/index.php?rest_route=%2Fwp%2Fv2%2Fcomments&post=588"}],"version-history":[{"count":2,"href":"https:\/\/osera.deebro.es\/index.php?rest_route=\/wp\/v2\/posts\/588\/revisions"}],"predecessor-version":[{"id":590,"href":"https:\/\/osera.deebro.es\/index.php?rest_route=\/wp\/v2\/posts\/588\/revisions\/590"}],"wp:attachment":[{"href":"https:\/\/osera.deebro.es\/index.php?rest_route=%2Fwp%2Fv2%2Fmedia&parent=588"}],"wp:term":[{"taxonomy":"category","embeddable":true,"href":"https:\/\/osera.deebro.es\/index.php?rest_route=%2Fwp%2Fv2%2Fcategories&post=588"},{"taxonomy":"post_tag","embeddable":true,"href":"https:\/\/osera.deebro.es\/index.php?rest_route=%2Fwp%2Fv2%2Ftags&post=588"}],"curies":[{"name":"wp","href":"https:\/\/api.w.org\/{rel}","templated":true}]}}