{"id":599,"date":"2017-11-13T08:09:26","date_gmt":"2017-11-13T07:09:26","guid":{"rendered":"http:\/\/osera.deebro.es\/?p=599"},"modified":"2017-11-14T07:52:12","modified_gmt":"2017-11-14T06:52:12","slug":"recogida-muebles-y-enseres-domesticos-4","status":"publish","type":"post","link":"https:\/\/osera.deebro.es\/?p=599","title":{"rendered":"RECOGIDA MUEBLES Y ENSERES DOM\u00c9STICOS"},"content":{"rendered":"<p>Se comunica que la recogida de muebles y enseres voluminosos se efectuar\u00e1 el pr\u00f3ximo 15 de noviembre de 2017. Los interesados en utilizar el servicio deber\u00e1n avisar a los tel\u00e9fonos 607143605 \u00f3 607143609. Los avisos se recoger\u00e1n hasta las 12:00 horas del martes anterior al de la recogida, seg\u00fan Urbaser.<\/p>\n<p>Se recuerda que los muebles deber\u00e1n dejarse desmontados y no podr\u00e1n depositarse en la v\u00eda hasta la fecha que se indica.<\/p>\n","protected":false},"excerpt":{"rendered":"<p>Se comunica que la recogida de muebles y enseres voluminosos se efectuar\u00e1 el pr\u00f3ximo 15 de noviembre de 2017. Los interesados en utilizar el servicio deber\u00e1n avisar a los tel\u00e9fonos 607143605 \u00f3 607143609. Los avisos se recoger\u00e1n hasta las 12:00 horas del martes anterior al de la recogida, seg\u00fan Urbaser. Se recuerda que los muebles &hellip; <a href=\"https:\/\/osera.deebro.es\/?p=599\" class=\"more-link\">Seguir leyendo <span class=\"screen-reader-text\">RECOGIDA MUEBLES Y ENSERES DOM\u00c9STICOS<\/span> <span class=\"meta-nav\">&rarr;<\/span><\/a><\/p>\n","protected":false},"author":2,"featured_media":0,"comment_status":"closed","ping_status":"open","sticky":false,"template":"","format":"standard","meta":{"footnotes":""},"categories":[1],"tags":[],"class_list":["post-599","post","type-post","status-publish","format-standard","hentry","category-sincategoria"],"_links":{"self":[{"href":"https:\/\/osera.deebro.es\/index.php?rest_route=\/wp\/v2\/posts\/599","targetHints":{"allow":["GET"]}}],"collection":[{"href":"https:\/\/osera.deebro.es\/index.php?rest_route=\/wp\/v2\/posts"}],"about":[{"href":"https:\/\/osera.deebro.es\/index.php?rest_route=\/wp\/v2\/types\/post"}],"author":[{"embeddable":true,"href":"https:\/\/osera.deebro.es\/index.php?rest_route=\/wp\/v2\/users\/2"}],"replies":[{"embeddable":true,"href":"https:\/\/osera.deebro.es\/index.php?rest_route=%2Fwp%2Fv2%2Fcomments&post=599"}],"version-history":[{"count":3,"href":"https:\/\/osera.deebro.es\/index.php?rest_route=\/wp\/v2\/posts\/599\/revisions"}],"predecessor-version":[{"id":602,"href":"https:\/\/osera.deebro.es\/index.php?rest_route=\/wp\/v2\/posts\/599\/revisions\/602"}],"wp:attachment":[{"href":"https:\/\/osera.deebro.es\/index.php?rest_route=%2Fwp%2Fv2%2Fmedia&parent=599"}],"wp:term":[{"taxonomy":"category","embeddable":true,"href":"https:\/\/osera.deebro.es\/index.php?rest_route=%2Fwp%2Fv2%2Fcategories&post=599"},{"taxonomy":"post_tag","embeddable":true,"href":"https:\/\/osera.deebro.es\/index.php?rest_route=%2Fwp%2Fv2%2Ftags&post=599"}],"curies":[{"name":"wp","href":"https:\/\/api.w.org\/{rel}","templated":true}]}}