{"id":613,"date":"2018-01-11T12:26:10","date_gmt":"2018-01-11T11:26:10","guid":{"rendered":"http:\/\/osera.deebro.es\/?p=613"},"modified":"2018-01-11T12:26:29","modified_gmt":"2018-01-11T11:26:29","slug":"recogida-muebles-y-enseres-domesticos-5","status":"publish","type":"post","link":"https:\/\/osera.deebro.es\/?p=613","title":{"rendered":"RECOGIDA MUEBLES Y ENSERES DOM\u00c9STICOS"},"content":{"rendered":"<p>Se pone en conocimiento de todos los interesados que el mi\u00e9rcoles 17 de enero de 2018 por la ma\u00f1ana, la empresa Urbaser realizar\u00e1 la recogida de muebles y enseres dom\u00e9sticos.<\/p>\n<p>Se recuerda que los objetos se depositar\u00e1n la noche anterior junto a los contenedores de basura .<\/p>\n<p>Los interesados en utilizar el servicio deber\u00e1n de avisar al siguiente n\u00famero de tel\u00e9fono 876242600.<\/p>\n","protected":false},"excerpt":{"rendered":"<p>Se pone en conocimiento de todos los interesados que el mi\u00e9rcoles 17 de enero de 2018 por la ma\u00f1ana, la empresa Urbaser realizar\u00e1 la recogida de muebles y enseres dom\u00e9sticos. Se recuerda que los objetos se depositar\u00e1n la noche anterior junto a los contenedores de basura . Los interesados en utilizar el servicio deber\u00e1n de &hellip; <a href=\"https:\/\/osera.deebro.es\/?p=613\" class=\"more-link\">Seguir leyendo <span class=\"screen-reader-text\">RECOGIDA MUEBLES Y ENSERES DOM\u00c9STICOS<\/span> <span class=\"meta-nav\">&rarr;<\/span><\/a><\/p>\n","protected":false},"author":2,"featured_media":0,"comment_status":"closed","ping_status":"open","sticky":false,"template":"","format":"standard","meta":{"footnotes":""},"categories":[1],"tags":[],"class_list":["post-613","post","type-post","status-publish","format-standard","hentry","category-sincategoria"],"_links":{"self":[{"href":"https:\/\/osera.deebro.es\/index.php?rest_route=\/wp\/v2\/posts\/613","targetHints":{"allow":["GET"]}}],"collection":[{"href":"https:\/\/osera.deebro.es\/index.php?rest_route=\/wp\/v2\/posts"}],"about":[{"href":"https:\/\/osera.deebro.es\/index.php?rest_route=\/wp\/v2\/types\/post"}],"author":[{"embeddable":true,"href":"https:\/\/osera.deebro.es\/index.php?rest_route=\/wp\/v2\/users\/2"}],"replies":[{"embeddable":true,"href":"https:\/\/osera.deebro.es\/index.php?rest_route=%2Fwp%2Fv2%2Fcomments&post=613"}],"version-history":[{"count":1,"href":"https:\/\/osera.deebro.es\/index.php?rest_route=\/wp\/v2\/posts\/613\/revisions"}],"predecessor-version":[{"id":614,"href":"https:\/\/osera.deebro.es\/index.php?rest_route=\/wp\/v2\/posts\/613\/revisions\/614"}],"wp:attachment":[{"href":"https:\/\/osera.deebro.es\/index.php?rest_route=%2Fwp%2Fv2%2Fmedia&parent=613"}],"wp:term":[{"taxonomy":"category","embeddable":true,"href":"https:\/\/osera.deebro.es\/index.php?rest_route=%2Fwp%2Fv2%2Fcategories&post=613"},{"taxonomy":"post_tag","embeddable":true,"href":"https:\/\/osera.deebro.es\/index.php?rest_route=%2Fwp%2Fv2%2Ftags&post=613"}],"curies":[{"name":"wp","href":"https:\/\/api.w.org\/{rel}","templated":true}]}}