{"id":645,"date":"2018-09-28T10:59:55","date_gmt":"2018-09-28T09:59:55","guid":{"rendered":"http:\/\/osera.deebro.es\/?p=645"},"modified":"2018-09-28T11:00:31","modified_gmt":"2018-09-28T10:00:31","slug":"corte-de-agua-acequia-de-pina","status":"publish","type":"post","link":"https:\/\/osera.deebro.es\/?p=645","title":{"rendered":"CORTE DE AGUA ACEQUIA DE PINA"},"content":{"rendered":"<p>La Comunidad y Sindicato de riegos de la acequia de Pina INFORMA que el agua de la acequia de Pina est\u00e1 cortada para realizar tareas de mantenimiento, desde hoy viernes 28 de septiembre, hasta ma\u00f1ana s\u00e1bado.<\/p>\n","protected":false},"excerpt":{"rendered":"<p>La Comunidad y Sindicato de riegos de la acequia de Pina INFORMA que el agua de la acequia de Pina est\u00e1 cortada para realizar tareas de mantenimiento, desde hoy viernes 28 de septiembre, hasta ma\u00f1ana s\u00e1bado.<\/p>\n","protected":false},"author":3,"featured_media":0,"comment_status":"closed","ping_status":"open","sticky":false,"template":"","format":"standard","meta":{"footnotes":""},"categories":[1],"tags":[],"class_list":["post-645","post","type-post","status-publish","format-standard","hentry","category-sincategoria"],"_links":{"self":[{"href":"https:\/\/osera.deebro.es\/index.php?rest_route=\/wp\/v2\/posts\/645","targetHints":{"allow":["GET"]}}],"collection":[{"href":"https:\/\/osera.deebro.es\/index.php?rest_route=\/wp\/v2\/posts"}],"about":[{"href":"https:\/\/osera.deebro.es\/index.php?rest_route=\/wp\/v2\/types\/post"}],"author":[{"embeddable":true,"href":"https:\/\/osera.deebro.es\/index.php?rest_route=\/wp\/v2\/users\/3"}],"replies":[{"embeddable":true,"href":"https:\/\/osera.deebro.es\/index.php?rest_route=%2Fwp%2Fv2%2Fcomments&post=645"}],"version-history":[{"count":1,"href":"https:\/\/osera.deebro.es\/index.php?rest_route=\/wp\/v2\/posts\/645\/revisions"}],"predecessor-version":[{"id":646,"href":"https:\/\/osera.deebro.es\/index.php?rest_route=\/wp\/v2\/posts\/645\/revisions\/646"}],"wp:attachment":[{"href":"https:\/\/osera.deebro.es\/index.php?rest_route=%2Fwp%2Fv2%2Fmedia&parent=645"}],"wp:term":[{"taxonomy":"category","embeddable":true,"href":"https:\/\/osera.deebro.es\/index.php?rest_route=%2Fwp%2Fv2%2Fcategories&post=645"},{"taxonomy":"post_tag","embeddable":true,"href":"https:\/\/osera.deebro.es\/index.php?rest_route=%2Fwp%2Fv2%2Ftags&post=645"}],"curies":[{"name":"wp","href":"https:\/\/api.w.org\/{rel}","templated":true}]}}